{"id":12953,"date":"2025-07-30T16:02:54","date_gmt":"2025-07-30T15:02:54","guid":{"rendered":"https:\/\/schulbau.online\/uncategorized\/gustav-heinemann-comprehensive-school-essen-how-architecture-accompanies-change-in-the-neighbourhood\/"},"modified":"2025-08-28T19:05:22","modified_gmt":"2025-08-28T18:05:22","slug":"gustav-heinemann-comprehensive-school-essen-how-architecture-accompanies-change-in-the-neighbourhood","status":"publish","type":"post","link":"https:\/\/schulbau.online\/en\/gustav-heinemann-comprehensive-school-essen-how-architecture-accompanies-change-in-the-neighbourhood\/","title":{"rendered":"Gustav Heinemann Comprehensive School Essen: How architecture accompanies change in the neighbourhood"},"content":{"rendered":"\n<p>The restructuring of the Ruhr area has long since ceased to be a purely economic project. Anyone who talks about reuse, decarbonisation and new cityscapes must ask themselves how people in post-industrial neighbourhoods will learn, live and meet each other in the future. With the Gustav Heinemann Comprehensive School, Essen-Schonnebeck is home to a place of education that is opening up in terms of urban planning and programming instead of relying on retreat to the interior of the school. The architectural concept comes from <a href=\"https:\/\/sehw-architektur.de\" data-type=\"link\" data-id=\"https:\/\/sehw-architektur.de\" target=\"_blank\" rel=\"noopener\">sehw architektur<\/a> in Berlin. The new building sees itself as a structuring response to a district in upheaval \u2013 and as an invitation to think and help shape things.    <\/p>\n\n<figure class=\"wp-block-gallery has-nested-images columns-default is-cropped wp-block-gallery-1 is-layout-flex wp-block-gallery-is-layout-flex\">\n<figure data-wp-context=\"{&quot;imageId&quot;:&quot;69f229bf1722b&quot;}\" data-wp-interactive=\"core\/image\" data-wp-key=\"69f229bf1722b\" class=\"wp-block-image size-large wp-lightbox-container\"><img loading=\"lazy\" decoding=\"async\" width=\"1024\" height=\"732\" data-wp-class--hide=\"state.isContentHidden\" data-wp-class--show=\"state.isContentVisible\" data-wp-init=\"callbacks.setButtonStyles\" data-wp-on--click=\"actions.showLightbox\" data-wp-on--load=\"callbacks.setButtonStyles\" data-wp-on-window--resize=\"callbacks.setButtonStyles\" data-id=\"12235\" src=\"https:\/\/schulbau.online\/wp-content\/uploads\/2025\/07\/4-sehw-architektur-GHGS-essen-PO_0931b-1024x732.jpg\" alt=\"Exterior view | &#xA9; Philipp Obkircher\" class=\"wp-image-12235\" srcset=\"https:\/\/schulbau.online\/wp-content\/uploads\/2025\/07\/4-sehw-architektur-GHGS-essen-PO_0931b-1024x732.jpg 1024w, https:\/\/schulbau.online\/wp-content\/uploads\/2025\/07\/4-sehw-architektur-GHGS-essen-PO_0931b-300x214.jpg 300w, https:\/\/schulbau.online\/wp-content\/uploads\/2025\/07\/4-sehw-architektur-GHGS-essen-PO_0931b-768x549.jpg 768w, https:\/\/schulbau.online\/wp-content\/uploads\/2025\/07\/4-sehw-architektur-GHGS-essen-PO_0931b-1536x1097.jpg 1536w, https:\/\/schulbau.online\/wp-content\/uploads\/2025\/07\/4-sehw-architektur-GHGS-essen-PO_0931b-600x429.jpg 600w, https:\/\/schulbau.online\/wp-content\/uploads\/2025\/07\/4-sehw-architektur-GHGS-essen-PO_0931b.jpg 2000w\" sizes=\"auto, (max-width: 1024px) 100vw, 1024px\" \/><button\n\t\t\tclass=\"lightbox-trigger\"\n\t\t\ttype=\"button\"\n\t\t\taria-haspopup=\"dialog\"\n\t\t\taria-label=\"Enlarge\"\n\t\t\tdata-wp-init=\"callbacks.initTriggerButton\"\n\t\t\tdata-wp-on--click=\"actions.showLightbox\"\n\t\t\tdata-wp-style--right=\"state.imageButtonRight\"\n\t\t\tdata-wp-style--top=\"state.imageButtonTop\"\n\t\t>\n\t\t\t<svg xmlns=\"http:\/\/www.w3.org\/2000\/svg\" width=\"12\" height=\"12\" fill=\"none\" viewBox=\"0 0 12 12\">\n\t\t\t\t<path fill=\"#fff\" d=\"M2 0a2 2 0 0 0-2 2v2h1.5V2a.5.5 0 0 1 .5-.5h2V0H2Zm2 10.5H2a.5.5 0 0 1-.5-.5V8H0v2a2 2 0 0 0 2 2h2v-1.5ZM8 12v-1.5h2a.5.5 0 0 0 .5-.5V8H12v2a2 2 0 0 1-2 2H8Zm2-12a2 2 0 0 1 2 2v2h-1.5V2a.5.5 0 0 0-.5-.5H8V0h2Z\" \/>\n\t\t\t<\/svg>\n\t\t<\/button><figcaption class=\"wp-element-caption\">Grouped into independent room families, the different age groups each have their own courtyards. | \u00a9 Philipp Obkircher <\/figcaption><\/figure>\n\n\n\n<figure data-wp-context=\"{&quot;imageId&quot;:&quot;69f229bf181b0&quot;}\" data-wp-interactive=\"core\/image\" data-wp-key=\"69f229bf181b0\" class=\"wp-block-image size-large wp-lightbox-container\"><img loading=\"lazy\" decoding=\"async\" width=\"732\" height=\"1024\" data-wp-class--hide=\"state.isContentHidden\" data-wp-class--show=\"state.isContentVisible\" data-wp-init=\"callbacks.setButtonStyles\" data-wp-on--click=\"actions.showLightbox\" data-wp-on--load=\"callbacks.setButtonStyles\" data-wp-on-window--resize=\"callbacks.setButtonStyles\" data-id=\"12236\" src=\"https:\/\/schulbau.online\/wp-content\/uploads\/2025\/07\/5-sehw-architektur-GHGS-essen-PO_1135b-732x1024.jpg\" alt=\"Fa&#xE7;ade view | &#xA9; Philipp Obkircher\" class=\"wp-image-12236\" srcset=\"https:\/\/schulbau.online\/wp-content\/uploads\/2025\/07\/5-sehw-architektur-GHGS-essen-PO_1135b-732x1024.jpg 732w, https:\/\/schulbau.online\/wp-content\/uploads\/2025\/07\/5-sehw-architektur-GHGS-essen-PO_1135b-214x300.jpg 214w, https:\/\/schulbau.online\/wp-content\/uploads\/2025\/07\/5-sehw-architektur-GHGS-essen-PO_1135b-768x1075.jpg 768w, https:\/\/schulbau.online\/wp-content\/uploads\/2025\/07\/5-sehw-architektur-GHGS-essen-PO_1135b-1097x1536.jpg 1097w, https:\/\/schulbau.online\/wp-content\/uploads\/2025\/07\/5-sehw-architektur-GHGS-essen-PO_1135b-600x840.jpg 600w, https:\/\/schulbau.online\/wp-content\/uploads\/2025\/07\/5-sehw-architektur-GHGS-essen-PO_1135b.jpg 1429w\" sizes=\"auto, (max-width: 732px) 100vw, 732px\" \/><button\n\t\t\tclass=\"lightbox-trigger\"\n\t\t\ttype=\"button\"\n\t\t\taria-haspopup=\"dialog\"\n\t\t\taria-label=\"Enlarge\"\n\t\t\tdata-wp-init=\"callbacks.initTriggerButton\"\n\t\t\tdata-wp-on--click=\"actions.showLightbox\"\n\t\t\tdata-wp-style--right=\"state.imageButtonRight\"\n\t\t\tdata-wp-style--top=\"state.imageButtonTop\"\n\t\t>\n\t\t\t<svg xmlns=\"http:\/\/www.w3.org\/2000\/svg\" width=\"12\" height=\"12\" fill=\"none\" viewBox=\"0 0 12 12\">\n\t\t\t\t<path fill=\"#fff\" d=\"M2 0a2 2 0 0 0-2 2v2h1.5V2a.5.5 0 0 1 .5-.5h2V0H2Zm2 10.5H2a.5.5 0 0 1-.5-.5V8H0v2a2 2 0 0 0 2 2h2v-1.5ZM8 12v-1.5h2a.5.5 0 0 0 .5-.5V8H12v2a2 2 0 0 1-2 2H8Zm2-12a2 2 0 0 1 2 2v2h-1.5V2a.5.5 0 0 0-.5-.5H8V0h2Z\" \/>\n\t\t\t<\/svg>\n\t\t<\/button><figcaption class=\"wp-element-caption\">The fa\u00e7ade is characterised by light-coloured, slurry clinker bricks | \u00a9 Philipp Obkircher<\/figcaption><\/figure>\n<\/figure>\n\n<h3 class=\"wp-block-heading\"><strong>Educational campus with dual function<\/strong><\/h3>\n\n<p>The school was designed for around 1,300 pupils \u2013 but the neighbourhood around the former workers&#8217; settlement also benefits directly: the district library, assembly hall, forum, cafeteria and specialist rooms are open to the public. The complex thus sees itself as an urban network that deliberately interlocks school and neighbourhood life. The forecourt at the main entrance becomes a threshold space between the city and the school. Skating, biking, meetings, discussions &#8211; all this is planned here. Even the monument of oversized horn-rimmed glasses, an allusion to the namesake Gustav Heinemann, becomes part of this built welcome gesture.    <\/p>\n\n<figure data-wp-context=\"{&quot;imageId&quot;:&quot;69f229bf1a81d&quot;}\" data-wp-interactive=\"core\/image\" data-wp-key=\"69f229bf1a81d\" class=\"wp-block-image size-large wp-lightbox-container\"><img loading=\"lazy\" decoding=\"async\" width=\"1024\" height=\"677\" data-wp-class--hide=\"state.isContentHidden\" data-wp-class--show=\"state.isContentVisible\" data-wp-init=\"callbacks.setButtonStyles\" data-wp-on--click=\"actions.showLightbox\" data-wp-on--load=\"callbacks.setButtonStyles\" data-wp-on-window--resize=\"callbacks.setButtonStyles\" src=\"http:\/\/schulbau.online\/wp-content\/uploads\/2025\/07\/1-sehw-architektur-GHGS-essen-PO_0748b2-1024x677.jpg\" alt=\"Gustav Heinemann Comprehensive School in Essen with Horn-Rimmed Spectacle Monument in Memory of Gustav Heinemann | &#xA9; Philipp Obkircher\" class=\"wp-image-12234\" srcset=\"https:\/\/schulbau.online\/wp-content\/uploads\/2025\/07\/1-sehw-architektur-GHGS-essen-PO_0748b2-1024x677.jpg 1024w, https:\/\/schulbau.online\/wp-content\/uploads\/2025\/07\/1-sehw-architektur-GHGS-essen-PO_0748b2-300x198.jpg 300w, https:\/\/schulbau.online\/wp-content\/uploads\/2025\/07\/1-sehw-architektur-GHGS-essen-PO_0748b2-768x508.jpg 768w, https:\/\/schulbau.online\/wp-content\/uploads\/2025\/07\/1-sehw-architektur-GHGS-essen-PO_0748b2-1536x1015.jpg 1536w, https:\/\/schulbau.online\/wp-content\/uploads\/2025\/07\/1-sehw-architektur-GHGS-essen-PO_0748b2-600x397.jpg 600w, https:\/\/schulbau.online\/wp-content\/uploads\/2025\/07\/1-sehw-architektur-GHGS-essen-PO_0748b2.jpg 2000w\" sizes=\"auto, (max-width: 1024px) 100vw, 1024px\" \/><button\n\t\t\tclass=\"lightbox-trigger\"\n\t\t\ttype=\"button\"\n\t\t\taria-haspopup=\"dialog\"\n\t\t\taria-label=\"Enlarge\"\n\t\t\tdata-wp-init=\"callbacks.initTriggerButton\"\n\t\t\tdata-wp-on--click=\"actions.showLightbox\"\n\t\t\tdata-wp-style--right=\"state.imageButtonRight\"\n\t\t\tdata-wp-style--top=\"state.imageButtonTop\"\n\t\t>\n\t\t\t<svg xmlns=\"http:\/\/www.w3.org\/2000\/svg\" width=\"12\" height=\"12\" fill=\"none\" viewBox=\"0 0 12 12\">\n\t\t\t\t<path fill=\"#fff\" d=\"M2 0a2 2 0 0 0-2 2v2h1.5V2a.5.5 0 0 1 .5-.5h2V0H2Zm2 10.5H2a.5.5 0 0 1-.5-.5V8H0v2a2 2 0 0 0 2 2h2v-1.5ZM8 12v-1.5h2a.5.5 0 0 0 .5-.5V8H12v2a2 2 0 0 1-2 2H8Zm2-12a2 2 0 0 1 2 2v2h-1.5V2a.5.5 0 0 0-.5-.5H8V0h2Z\" \/>\n\t\t\t<\/svg>\n\t\t<\/button><figcaption class=\"wp-element-caption\">Gustav Heinemann Comprehensive School in Essen with Horn-Rimmed Spectacle Monument in Memory of Gustav Heinemann | \u00a9 Philipp Obkircher<\/figcaption><\/figure>\n\n<h3 class=\"wp-block-heading\"><strong>The school boulevard as the backbone<\/strong><\/h3>\n\n<p>In terms of urban planning, the building dissolves into individual building volumes, which are connected to each other by a central &#8220;school boulevard&#8221;. This structures the spatial structure along a north-south axis and creates orientation. The cluster structure follows a modular system: year groups are grouped into independent room families, each with its own courtyards, differentiation zones and learning areas. The classrooms are connected by a flexible central zone, which can be transformed into group areas and informal recreation rooms when opened. Exterior and interior spaces are closely interlinked, and visual relationships and daylight access are structurally considered.    <\/p>\n\n<figure data-wp-context=\"{&quot;imageId&quot;:&quot;69f229bf1baa6&quot;}\" data-wp-interactive=\"core\/image\" data-wp-key=\"69f229bf1baa6\" class=\"wp-block-image size-large wp-lightbox-container\"><img loading=\"lazy\" decoding=\"async\" width=\"1024\" height=\"682\" data-wp-class--hide=\"state.isContentHidden\" data-wp-class--show=\"state.isContentVisible\" data-wp-init=\"callbacks.setButtonStyles\" data-wp-on--click=\"actions.showLightbox\" data-wp-on--load=\"callbacks.setButtonStyles\" data-wp-on-window--resize=\"callbacks.setButtonStyles\" src=\"http:\/\/schulbau.online\/wp-content\/uploads\/2025\/07\/20-sehw-architektur-GHGS-essen-HB_0630b-1024x682.jpg\" alt=\"Open meeting space between auditorium, library and cafeteria | &#xA9; Helin Bereket\" class=\"wp-image-12239\" srcset=\"https:\/\/schulbau.online\/wp-content\/uploads\/2025\/07\/20-sehw-architektur-GHGS-essen-HB_0630b-1024x682.jpg 1024w, https:\/\/schulbau.online\/wp-content\/uploads\/2025\/07\/20-sehw-architektur-GHGS-essen-HB_0630b-300x200.jpg 300w, https:\/\/schulbau.online\/wp-content\/uploads\/2025\/07\/20-sehw-architektur-GHGS-essen-HB_0630b-768x512.jpg 768w, https:\/\/schulbau.online\/wp-content\/uploads\/2025\/07\/20-sehw-architektur-GHGS-essen-HB_0630b-1536x1024.jpg 1536w, https:\/\/schulbau.online\/wp-content\/uploads\/2025\/07\/20-sehw-architektur-GHGS-essen-HB_0630b-600x400.jpg 600w, https:\/\/schulbau.online\/wp-content\/uploads\/2025\/07\/20-sehw-architektur-GHGS-essen-HB_0630b.jpg 2000w\" sizes=\"auto, (max-width: 1024px) 100vw, 1024px\" \/><button\n\t\t\tclass=\"lightbox-trigger\"\n\t\t\ttype=\"button\"\n\t\t\taria-haspopup=\"dialog\"\n\t\t\taria-label=\"Enlarge\"\n\t\t\tdata-wp-init=\"callbacks.initTriggerButton\"\n\t\t\tdata-wp-on--click=\"actions.showLightbox\"\n\t\t\tdata-wp-style--right=\"state.imageButtonRight\"\n\t\t\tdata-wp-style--top=\"state.imageButtonTop\"\n\t\t>\n\t\t\t<svg xmlns=\"http:\/\/www.w3.org\/2000\/svg\" width=\"12\" height=\"12\" fill=\"none\" viewBox=\"0 0 12 12\">\n\t\t\t\t<path fill=\"#fff\" d=\"M2 0a2 2 0 0 0-2 2v2h1.5V2a.5.5 0 0 1 .5-.5h2V0H2Zm2 10.5H2a.5.5 0 0 1-.5-.5V8H0v2a2 2 0 0 0 2 2h2v-1.5ZM8 12v-1.5h2a.5.5 0 0 0 .5-.5V8H12v2a2 2 0 0 1-2 2H8Zm2-12a2 2 0 0 1 2 2v2h-1.5V2a.5.5 0 0 0-.5-.5H8V0h2Z\" \/>\n\t\t\t<\/svg>\n\t\t<\/button><figcaption class=\"wp-element-caption\">Wood, exposed concrete and daylight characterise the open meeting space between the auditorium, library and cafeteria. | \u00a9 Helin Bereket <\/figcaption><\/figure>\n\n<h3 class=\"wp-block-heading\"><strong>Choice of material, lighting, colour concept<\/strong><\/h3>\n\n<p>The fa\u00e7ade is characterised by a light-coloured, slurry clinker brick. Generous window openings structure the building volumes, frame the cluster zones and provide natural light. Wood plays a decisive role in the interior: wooden slats on the ceilings improve the room acoustics, furniture made of birch plywood sets warm-toned accents, complemented by industrial parquet and wood-glass elements in doors. Orientation and atmosphere are created by a colour concept that refers to Le Corbusier&#8217;s Polychromie Architecturale from 1959. Each cluster is defined by its own colour scheme \u2013 translated into graphic symbols, accent walls and stairwells.    <\/p>\n\n<figure class=\"wp-block-gallery has-nested-images columns-default is-cropped wp-block-gallery-2 is-layout-flex wp-block-gallery-is-layout-flex\">\n<figure data-wp-context=\"{&quot;imageId&quot;:&quot;69f229bf1c8fe&quot;}\" data-wp-interactive=\"core\/image\" data-wp-key=\"69f229bf1c8fe\" class=\"wp-block-image size-large wp-lightbox-container\"><img loading=\"lazy\" decoding=\"async\" width=\"1024\" height=\"682\" data-wp-class--hide=\"state.isContentHidden\" data-wp-class--show=\"state.isContentVisible\" data-wp-init=\"callbacks.setButtonStyles\" data-wp-on--click=\"actions.showLightbox\" data-wp-on--load=\"callbacks.setButtonStyles\" data-wp-on-window--resize=\"callbacks.setButtonStyles\" data-id=\"12241\" src=\"http:\/\/schulbau.online\/wp-content\/uploads\/2025\/07\/26-sehw-architektur-GHGS-essen-HB_09479b-1024x682.jpg\" alt=\"Accents and pictograms for orientation | &#xA9; Helin Bereket\" class=\"wp-image-12241\" srcset=\"https:\/\/schulbau.online\/wp-content\/uploads\/2025\/07\/26-sehw-architektur-GHGS-essen-HB_09479b-1024x682.jpg 1024w, https:\/\/schulbau.online\/wp-content\/uploads\/2025\/07\/26-sehw-architektur-GHGS-essen-HB_09479b-300x200.jpg 300w, https:\/\/schulbau.online\/wp-content\/uploads\/2025\/07\/26-sehw-architektur-GHGS-essen-HB_09479b-768x512.jpg 768w, https:\/\/schulbau.online\/wp-content\/uploads\/2025\/07\/26-sehw-architektur-GHGS-essen-HB_09479b-1536x1024.jpg 1536w, https:\/\/schulbau.online\/wp-content\/uploads\/2025\/07\/26-sehw-architektur-GHGS-essen-HB_09479b-600x400.jpg 600w, https:\/\/schulbau.online\/wp-content\/uploads\/2025\/07\/26-sehw-architektur-GHGS-essen-HB_09479b.jpg 2000w\" sizes=\"auto, (max-width: 1024px) 100vw, 1024px\" \/><button\n\t\t\tclass=\"lightbox-trigger\"\n\t\t\ttype=\"button\"\n\t\t\taria-haspopup=\"dialog\"\n\t\t\taria-label=\"Enlarge\"\n\t\t\tdata-wp-init=\"callbacks.initTriggerButton\"\n\t\t\tdata-wp-on--click=\"actions.showLightbox\"\n\t\t\tdata-wp-style--right=\"state.imageButtonRight\"\n\t\t\tdata-wp-style--top=\"state.imageButtonTop\"\n\t\t>\n\t\t\t<svg xmlns=\"http:\/\/www.w3.org\/2000\/svg\" width=\"12\" height=\"12\" fill=\"none\" viewBox=\"0 0 12 12\">\n\t\t\t\t<path fill=\"#fff\" d=\"M2 0a2 2 0 0 0-2 2v2h1.5V2a.5.5 0 0 1 .5-.5h2V0H2Zm2 10.5H2a.5.5 0 0 1-.5-.5V8H0v2a2 2 0 0 0 2 2h2v-1.5ZM8 12v-1.5h2a.5.5 0 0 0 .5-.5V8H12v2a2 2 0 0 1-2 2H8Zm2-12a2 2 0 0 1 2 2v2h-1.5V2a.5.5 0 0 0-.5-.5H8V0h2Z\" \/>\n\t\t\t<\/svg>\n\t\t<\/button><figcaption class=\"wp-element-caption\">Simple pictograms and striking door accents structure the school&#8217;s movement zones. | \u00a9 Helin Bereket <\/figcaption><\/figure>\n\n\n\n<figure data-wp-context=\"{&quot;imageId&quot;:&quot;69f229bf1d944&quot;}\" data-wp-interactive=\"core\/image\" data-wp-key=\"69f229bf1d944\" class=\"wp-block-image size-large wp-lightbox-container\"><img loading=\"lazy\" decoding=\"async\" width=\"1024\" height=\"732\" data-wp-class--hide=\"state.isContentHidden\" data-wp-class--show=\"state.isContentVisible\" data-wp-init=\"callbacks.setButtonStyles\" data-wp-on--click=\"actions.showLightbox\" data-wp-on--load=\"callbacks.setButtonStyles\" data-wp-on-window--resize=\"callbacks.setButtonStyles\" data-id=\"12237\" src=\"https:\/\/schulbau.online\/wp-content\/uploads\/2025\/07\/15-sehw-architektur-GHGS-essen-PO_1525b2-1024x732.jpg\" alt=\"Orientation through colour in the different clusters | &#xA9; Philipp Obkircher\" class=\"wp-image-12237\" srcset=\"https:\/\/schulbau.online\/wp-content\/uploads\/2025\/07\/15-sehw-architektur-GHGS-essen-PO_1525b2-1024x732.jpg 1024w, https:\/\/schulbau.online\/wp-content\/uploads\/2025\/07\/15-sehw-architektur-GHGS-essen-PO_1525b2-300x214.jpg 300w, https:\/\/schulbau.online\/wp-content\/uploads\/2025\/07\/15-sehw-architektur-GHGS-essen-PO_1525b2-768x549.jpg 768w, https:\/\/schulbau.online\/wp-content\/uploads\/2025\/07\/15-sehw-architektur-GHGS-essen-PO_1525b2-1536x1097.jpg 1536w, https:\/\/schulbau.online\/wp-content\/uploads\/2025\/07\/15-sehw-architektur-GHGS-essen-PO_1525b2-600x429.jpg 600w, https:\/\/schulbau.online\/wp-content\/uploads\/2025\/07\/15-sehw-architektur-GHGS-essen-PO_1525b2.jpg 2000w\" sizes=\"auto, (max-width: 1024px) 100vw, 1024px\" \/><button\n\t\t\tclass=\"lightbox-trigger\"\n\t\t\ttype=\"button\"\n\t\t\taria-haspopup=\"dialog\"\n\t\t\taria-label=\"Enlarge\"\n\t\t\tdata-wp-init=\"callbacks.initTriggerButton\"\n\t\t\tdata-wp-on--click=\"actions.showLightbox\"\n\t\t\tdata-wp-style--right=\"state.imageButtonRight\"\n\t\t\tdata-wp-style--top=\"state.imageButtonTop\"\n\t\t>\n\t\t\t<svg xmlns=\"http:\/\/www.w3.org\/2000\/svg\" width=\"12\" height=\"12\" fill=\"none\" viewBox=\"0 0 12 12\">\n\t\t\t\t<path fill=\"#fff\" d=\"M2 0a2 2 0 0 0-2 2v2h1.5V2a.5.5 0 0 1 .5-.5h2V0H2Zm2 10.5H2a.5.5 0 0 1-.5-.5V8H0v2a2 2 0 0 0 2 2h2v-1.5ZM8 12v-1.5h2a.5.5 0 0 0 .5-.5V8H12v2a2 2 0 0 1-2 2H8Zm2-12a2 2 0 0 1 2 2v2h-1.5V2a.5.5 0 0 0-.5-.5H8V0h2Z\" \/>\n\t\t\t<\/svg>\n\t\t<\/button><figcaption class=\"wp-element-caption\">The colour concept refers to Le Corbusier&#8217;s Polychromie Architecturale from 1959 and creates orientation and atmosphere in the various clusters at the same time. | \u00a9 Philipp Obkircher <\/figcaption><\/figure>\n<\/figure>\n\n<h3 class=\"wp-block-heading\"><strong>Sustainability without a technology fetish<\/strong><\/h3>\n\n<p>The new school building is 20 percent below the requirements of the EnEV 2016 and was designed according to passive house standards. The energy concept is based on low-tech principles: shock ventilation, night-time cooling, external sun protection and green roofs form the functional framework. Certification according to BNB Silver is in preparation. A robust and economical supporting structure made of masonry and reinforced concrete was planned. The non-load-bearing partition walls between the classrooms enable flexible room layouts during operation \u2013 a prerequisite for permanently adaptable learning environments.    <\/p>\n\n<figure class=\"wp-block-gallery has-nested-images columns-default is-cropped wp-block-gallery-3 is-layout-flex wp-block-gallery-is-layout-flex\">\n<figure data-wp-context=\"{&quot;imageId&quot;:&quot;69f229bf1eb26&quot;}\" data-wp-interactive=\"core\/image\" data-wp-key=\"69f229bf1eb26\" class=\"wp-block-image size-large wp-lightbox-container\"><img loading=\"lazy\" decoding=\"async\" width=\"1024\" height=\"732\" data-wp-class--hide=\"state.isContentHidden\" data-wp-class--show=\"state.isContentVisible\" data-wp-init=\"callbacks.setButtonStyles\" data-wp-on--click=\"actions.showLightbox\" data-wp-on--load=\"callbacks.setButtonStyles\" data-wp-on-window--resize=\"callbacks.setButtonStyles\" data-id=\"12242\" src=\"https:\/\/schulbau.online\/wp-content\/uploads\/2025\/07\/24-sehw-architektur-GHGS-essen-PO_1668-1024x732.jpg\" alt=\"Specialist rooms with a specific colour concept | &#xA9; Philipp Obkircher\" class=\"wp-image-12242\" srcset=\"https:\/\/schulbau.online\/wp-content\/uploads\/2025\/07\/24-sehw-architektur-GHGS-essen-PO_1668-1024x732.jpg 1024w, https:\/\/schulbau.online\/wp-content\/uploads\/2025\/07\/24-sehw-architektur-GHGS-essen-PO_1668-300x214.jpg 300w, https:\/\/schulbau.online\/wp-content\/uploads\/2025\/07\/24-sehw-architektur-GHGS-essen-PO_1668-768x549.jpg 768w, https:\/\/schulbau.online\/wp-content\/uploads\/2025\/07\/24-sehw-architektur-GHGS-essen-PO_1668-1536x1097.jpg 1536w, https:\/\/schulbau.online\/wp-content\/uploads\/2025\/07\/24-sehw-architektur-GHGS-essen-PO_1668-600x429.jpg 600w, https:\/\/schulbau.online\/wp-content\/uploads\/2025\/07\/24-sehw-architektur-GHGS-essen-PO_1668.jpg 2000w\" sizes=\"auto, (max-width: 1024px) 100vw, 1024px\" \/><button\n\t\t\tclass=\"lightbox-trigger\"\n\t\t\ttype=\"button\"\n\t\t\taria-haspopup=\"dialog\"\n\t\t\taria-label=\"Enlarge\"\n\t\t\tdata-wp-init=\"callbacks.initTriggerButton\"\n\t\t\tdata-wp-on--click=\"actions.showLightbox\"\n\t\t\tdata-wp-style--right=\"state.imageButtonRight\"\n\t\t\tdata-wp-style--top=\"state.imageButtonTop\"\n\t\t>\n\t\t\t<svg xmlns=\"http:\/\/www.w3.org\/2000\/svg\" width=\"12\" height=\"12\" fill=\"none\" viewBox=\"0 0 12 12\">\n\t\t\t\t<path fill=\"#fff\" d=\"M2 0a2 2 0 0 0-2 2v2h1.5V2a.5.5 0 0 1 .5-.5h2V0H2Zm2 10.5H2a.5.5 0 0 1-.5-.5V8H0v2a2 2 0 0 0 2 2h2v-1.5ZM8 12v-1.5h2a.5.5 0 0 0 .5-.5V8H12v2a2 2 0 0 1-2 2H8Zm2-12a2 2 0 0 1 2 2v2h-1.5V2a.5.5 0 0 0-.5-.5H8V0h2Z\" \/>\n\t\t\t<\/svg>\n\t\t<\/button><figcaption class=\"wp-element-caption\">In the specialist rooms, robust functionality is combined with a clear colour scheme \u2013 learning rooms that focus on practical work. | \u00a9 Philipp Obkircher <\/figcaption><\/figure>\n\n\n\n<figure data-wp-context=\"{&quot;imageId&quot;:&quot;69f229bf1fba1&quot;}\" data-wp-interactive=\"core\/image\" data-wp-key=\"69f229bf1fba1\" class=\"wp-block-image size-large wp-lightbox-container\"><img loading=\"lazy\" decoding=\"async\" width=\"1024\" height=\"732\" data-wp-class--hide=\"state.isContentHidden\" data-wp-class--show=\"state.isContentVisible\" data-wp-init=\"callbacks.setButtonStyles\" data-wp-on--click=\"actions.showLightbox\" data-wp-on--load=\"callbacks.setButtonStyles\" data-wp-on-window--resize=\"callbacks.setButtonStyles\" data-id=\"12243\" src=\"https:\/\/schulbau.online\/wp-content\/uploads\/2025\/07\/21-sehw-architektur-GHGS-essen-PO_1672b1-1024x732.jpg\" alt=\"The library as a public place | &#xA9; Philipp Obkircher\" class=\"wp-image-12243\" srcset=\"https:\/\/schulbau.online\/wp-content\/uploads\/2025\/07\/21-sehw-architektur-GHGS-essen-PO_1672b1-1024x732.jpg 1024w, https:\/\/schulbau.online\/wp-content\/uploads\/2025\/07\/21-sehw-architektur-GHGS-essen-PO_1672b1-300x214.jpg 300w, https:\/\/schulbau.online\/wp-content\/uploads\/2025\/07\/21-sehw-architektur-GHGS-essen-PO_1672b1-768x549.jpg 768w, https:\/\/schulbau.online\/wp-content\/uploads\/2025\/07\/21-sehw-architektur-GHGS-essen-PO_1672b1-1536x1097.jpg 1536w, https:\/\/schulbau.online\/wp-content\/uploads\/2025\/07\/21-sehw-architektur-GHGS-essen-PO_1672b1-600x429.jpg 600w, https:\/\/schulbau.online\/wp-content\/uploads\/2025\/07\/21-sehw-architektur-GHGS-essen-PO_1672b1.jpg 2000w\" sizes=\"auto, (max-width: 1024px) 100vw, 1024px\" \/><button\n\t\t\tclass=\"lightbox-trigger\"\n\t\t\ttype=\"button\"\n\t\t\taria-haspopup=\"dialog\"\n\t\t\taria-label=\"Enlarge\"\n\t\t\tdata-wp-init=\"callbacks.initTriggerButton\"\n\t\t\tdata-wp-on--click=\"actions.showLightbox\"\n\t\t\tdata-wp-style--right=\"state.imageButtonRight\"\n\t\t\tdata-wp-style--top=\"state.imageButtonTop\"\n\t\t>\n\t\t\t<svg xmlns=\"http:\/\/www.w3.org\/2000\/svg\" width=\"12\" height=\"12\" fill=\"none\" viewBox=\"0 0 12 12\">\n\t\t\t\t<path fill=\"#fff\" d=\"M2 0a2 2 0 0 0-2 2v2h1.5V2a.5.5 0 0 1 .5-.5h2V0H2Zm2 10.5H2a.5.5 0 0 1-.5-.5V8H0v2a2 2 0 0 0 2 2h2v-1.5ZM8 12v-1.5h2a.5.5 0 0 0 .5-.5V8H12v2a2 2 0 0 1-2 2H8Zm2-12a2 2 0 0 1 2 2v2h-1.5V2a.5.5 0 0 0-.5-.5H8V0h2Z\" \/>\n\t\t\t<\/svg>\n\t\t<\/button><figcaption class=\"wp-element-caption\">The open entrance area with adjoining library emphasizes the function of the school as a public place with diverse access to education and information. | \u00a9 Philipp Obkircher <\/figcaption><\/figure>\n<\/figure>\n\n<h3 class=\"wp-block-heading\"><strong>School as a public place<\/strong><\/h3>\n\n<p>The two-storey forum is at the centre of the spatial organisation \u2013 it combines the library, auditorium, cafeteria and multi-purpose rooms into a coherent centre. This is about more than just learning: this is where the public sphere is created. The building sees itself as a learning structure \u2013 with open transitions, use-neutral zones and architectural scope for future changes. In addition to marking an educational milestone for the city of Essen, the Gustav Heinemann Comprehensive School also marks an architectural contribution to the social transformation of the Ruhr region.   <\/p>\n\n<figure data-wp-context=\"{&quot;imageId&quot;:&quot;69f229bf21637&quot;}\" data-wp-interactive=\"core\/image\" data-wp-key=\"69f229bf21637\" class=\"wp-block-image size-large wp-lightbox-container\"><img loading=\"lazy\" decoding=\"async\" width=\"1024\" height=\"732\" data-wp-class--hide=\"state.isContentHidden\" data-wp-class--show=\"state.isContentVisible\" data-wp-init=\"callbacks.setButtonStyles\" data-wp-on--click=\"actions.showLightbox\" data-wp-on--load=\"callbacks.setButtonStyles\" data-wp-on-window--resize=\"callbacks.setButtonStyles\" src=\"http:\/\/schulbau.online\/wp-content\/uploads\/2025\/07\/11-sehw-architektur-GHGS-essen-PO_2146b-1024x732.jpg\" alt=\"The cafeteria of the Gustav Heinemann Comprehensive School | &#xA9; Philipp Obkircher\" class=\"wp-image-12240\" srcset=\"https:\/\/schulbau.online\/wp-content\/uploads\/2025\/07\/11-sehw-architektur-GHGS-essen-PO_2146b-1024x732.jpg 1024w, https:\/\/schulbau.online\/wp-content\/uploads\/2025\/07\/11-sehw-architektur-GHGS-essen-PO_2146b-300x214.jpg 300w, https:\/\/schulbau.online\/wp-content\/uploads\/2025\/07\/11-sehw-architektur-GHGS-essen-PO_2146b-768x549.jpg 768w, https:\/\/schulbau.online\/wp-content\/uploads\/2025\/07\/11-sehw-architektur-GHGS-essen-PO_2146b-1536x1097.jpg 1536w, https:\/\/schulbau.online\/wp-content\/uploads\/2025\/07\/11-sehw-architektur-GHGS-essen-PO_2146b-600x429.jpg 600w, https:\/\/schulbau.online\/wp-content\/uploads\/2025\/07\/11-sehw-architektur-GHGS-essen-PO_2146b.jpg 2000w\" sizes=\"auto, (max-width: 1024px) 100vw, 1024px\" \/><button\n\t\t\tclass=\"lightbox-trigger\"\n\t\t\ttype=\"button\"\n\t\t\taria-haspopup=\"dialog\"\n\t\t\taria-label=\"Enlarge\"\n\t\t\tdata-wp-init=\"callbacks.initTriggerButton\"\n\t\t\tdata-wp-on--click=\"actions.showLightbox\"\n\t\t\tdata-wp-style--right=\"state.imageButtonRight\"\n\t\t\tdata-wp-style--top=\"state.imageButtonTop\"\n\t\t>\n\t\t\t<svg xmlns=\"http:\/\/www.w3.org\/2000\/svg\" width=\"12\" height=\"12\" fill=\"none\" viewBox=\"0 0 12 12\">\n\t\t\t\t<path fill=\"#fff\" d=\"M2 0a2 2 0 0 0-2 2v2h1.5V2a.5.5 0 0 1 .5-.5h2V0H2Zm2 10.5H2a.5.5 0 0 1-.5-.5V8H0v2a2 2 0 0 0 2 2h2v-1.5ZM8 12v-1.5h2a.5.5 0 0 0 .5-.5V8H12v2a2 2 0 0 1-2 2H8Zm2-12a2 2 0 0 1 2 2v2h-1.5V2a.5.5 0 0 0-.5-.5H8V0h2Z\" \/>\n\t\t\t<\/svg>\n\t\t<\/button><figcaption class=\"wp-element-caption\">Large windows, warm colours and graphic wall design make the Mensa a lively place to be together. | \u00a9 Philipp Obkircher <\/figcaption><\/figure>\n\n<h3 class=\"wp-block-heading\"><strong>On-site inspection as part of the SCHULBAU Salon &amp; Messe in Essen<\/strong><\/h3>\n\n<p>On the second day of the SCHULBAU Salon &amp; Messe in Essen, 25 September 2025, an excursion will take place to the Gustav Heinemann Comprehensive School. Participants will have the opportunity to experience the project on a scale of 1:1 and to exchange ideas with the planners directly on site. The visit is not included in the trade fair ticket, tickets can be purchased separately here in the ticket shop of the trade fair: <a href=\"https:\/\/schulbau.online\/en\/schulbau-messe\/eat\/#brxe-fowtnt\" data-type=\"link\" data-id=\"https:\/\/schulbau.online\/schulbau-messe\/essen\/#brxe-fowtnt\">CLICK!<\/a>  <\/p>\n\n<p><strong>Construction board<\/strong><\/p>\n\n<ul class=\"wp-block-list\">\n<li><strong>Project:<\/strong> Gustav Heinemann Comprehensive School<\/li>\n\n\n\n<li><strong>Place:<\/strong> Essen-Schonnebeck, Germany<\/li>\n\n\n\n<li><strong>Client:<\/strong> City of Essen Real Estate Industry<\/li>\n\n\n\n<li><strong>Architecture:<\/strong> sehw architektur GmbH, Berlin<\/li>\n\n\n\n<li><strong>Design Team:<\/strong> Matthias Gall, Maija Gavare, Karoline Hietzschold, Martin Kr\u00fcger-Holdack, V\u00edctor Maqu\u00edlon Yelo, Eva Poggenkla\u00df, Birgit Winkelmann<\/li>\n\n\n\n<li><strong>Typology:<\/strong> Comprehensive school, educational building<\/li>\n\n\n\n<li><strong>Completion:<\/strong> 2021<\/li>\n\n\n\n<li><strong>Area:<\/strong> 18,610 m\u00b2 GFA<\/li>\n\n\n\n<li><strong>Construction costs:<\/strong> approx. 56.8 million euros<\/li>\n<\/ul>\n\n<figure class=\"wp-block-gallery has-nested-images columns-default is-cropped wp-block-gallery-4 is-layout-flex wp-block-gallery-is-layout-flex\">\n<figure class=\"wp-block-image size-large\"><img loading=\"lazy\" decoding=\"async\" width=\"1024\" height=\"683\" data-id=\"12245\" src=\"https:\/\/schulbau.online\/wp-content\/uploads\/2025\/07\/1-sehw-architektur-GHGS-essen-Lageplan-1024x683.jpg\" alt=\"Map of GHGS Essen | &#xA9; sehw Architecture\" class=\"wp-image-12245\" srcset=\"https:\/\/schulbau.online\/wp-content\/uploads\/2025\/07\/1-sehw-architektur-GHGS-essen-Lageplan-1024x683.jpg 1024w, https:\/\/schulbau.online\/wp-content\/uploads\/2025\/07\/1-sehw-architektur-GHGS-essen-Lageplan-300x200.jpg 300w, https:\/\/schulbau.online\/wp-content\/uploads\/2025\/07\/1-sehw-architektur-GHGS-essen-Lageplan-768x512.jpg 768w, https:\/\/schulbau.online\/wp-content\/uploads\/2025\/07\/1-sehw-architektur-GHGS-essen-Lageplan-1536x1024.jpg 1536w, https:\/\/schulbau.online\/wp-content\/uploads\/2025\/07\/1-sehw-architektur-GHGS-essen-Lageplan-2048x1365.jpg 2048w, https:\/\/schulbau.online\/wp-content\/uploads\/2025\/07\/1-sehw-architektur-GHGS-essen-Lageplan-600x400.jpg 600w\" sizes=\"auto, (max-width: 1024px) 100vw, 1024px\" \/><figcaption class=\"wp-element-caption\">The urban setting of the individual parts of the building follows the principle of cluster formation and is integrated into the existing structural structure of the district. | \u00a9 sehw Architecture <\/figcaption><\/figure>\n\n\n\n<figure class=\"wp-block-image size-large\"><img loading=\"lazy\" decoding=\"async\" width=\"1024\" height=\"683\" data-id=\"12246\" src=\"https:\/\/schulbau.online\/wp-content\/uploads\/2025\/07\/2-sehw-architektur-GHGS-essen-Grundriss-EG-1024x683.jpg\" alt=\"Ground floor plan GHGS Essen | &#xA9; sehw Architecture\" class=\"wp-image-12246\" srcset=\"https:\/\/schulbau.online\/wp-content\/uploads\/2025\/07\/2-sehw-architektur-GHGS-essen-Grundriss-EG-1024x683.jpg 1024w, https:\/\/schulbau.online\/wp-content\/uploads\/2025\/07\/2-sehw-architektur-GHGS-essen-Grundriss-EG-300x200.jpg 300w, https:\/\/schulbau.online\/wp-content\/uploads\/2025\/07\/2-sehw-architektur-GHGS-essen-Grundriss-EG-768x512.jpg 768w, https:\/\/schulbau.online\/wp-content\/uploads\/2025\/07\/2-sehw-architektur-GHGS-essen-Grundriss-EG-1536x1024.jpg 1536w, https:\/\/schulbau.online\/wp-content\/uploads\/2025\/07\/2-sehw-architektur-GHGS-essen-Grundriss-EG-2048x1365.jpg 2048w, https:\/\/schulbau.online\/wp-content\/uploads\/2025\/07\/2-sehw-architektur-GHGS-essen-Grundriss-EG-600x400.jpg 600w\" sizes=\"auto, (max-width: 1024px) 100vw, 1024px\" \/><figcaption class=\"wp-element-caption\">The ground floor plan of the school shows the clear division into cluster units, central hall, library and dining area. | \u00a9 sehw Architecture <\/figcaption><\/figure>\n<\/figure>\n","protected":false},"excerpt":{"rendered":"<p>A new school building between educational mission, district work and low-tech principle \u2013 to be viewed at the SCHULBAU trade fair in Essen on 25 September.<\/p>\n","protected":false},"author":1,"featured_media":12954,"comment_status":"open","ping_status":"open","sticky":false,"template":"","format":"standard","meta":{"_acf_changed":false,"_price":"","_stock":"","_tribe_ticket_header":"","_tribe_default_ticket_provider":"","_tribe_ticket_capacity":"0","_ticket_start_date":"","_ticket_end_date":"","_tribe_ticket_show_description":"","_tribe_ticket_show_not_going":false,"_tribe_ticket_use_global_stock":"","_tribe_ticket_global_stock_level":"","_global_stock_mode":"","_global_stock_cap":"","_tribe_rsvp_for_event":"","_tribe_ticket_going_count":"","_tribe_ticket_not_going_count":"","_tribe_tickets_list":"[]","_tribe_ticket_has_attendee_info_fields":false,"footnotes":"","_tec_slr_enabled":"","_tec_slr_layout":""},"categories":[90,94],"tags":[],"class_list":["post-12953","post","type-post","status-publish","format-standard","has-post-thumbnail","hentry","category-architecture","category-schulbau-fair"],"acf":[],"ticketed":false,"_links":{"self":[{"href":"https:\/\/schulbau.online\/en\/wp-json\/wp\/v2\/posts\/12953","targetHints":{"allow":["GET"]}}],"collection":[{"href":"https:\/\/schulbau.online\/en\/wp-json\/wp\/v2\/posts"}],"about":[{"href":"https:\/\/schulbau.online\/en\/wp-json\/wp\/v2\/types\/post"}],"author":[{"embeddable":true,"href":"https:\/\/schulbau.online\/en\/wp-json\/wp\/v2\/users\/1"}],"replies":[{"embeddable":true,"href":"https:\/\/schulbau.online\/en\/wp-json\/wp\/v2\/comments?post=12953"}],"version-history":[{"count":3,"href":"https:\/\/schulbau.online\/en\/wp-json\/wp\/v2\/posts\/12953\/revisions"}],"predecessor-version":[{"id":13205,"href":"https:\/\/schulbau.online\/en\/wp-json\/wp\/v2\/posts\/12953\/revisions\/13205"}],"wp:featuredmedia":[{"embeddable":true,"href":"https:\/\/schulbau.online\/en\/wp-json\/wp\/v2\/media\/12954"}],"wp:attachment":[{"href":"https:\/\/schulbau.online\/en\/wp-json\/wp\/v2\/media?parent=12953"}],"wp:term":[{"taxonomy":"category","embeddable":true,"href":"https:\/\/schulbau.online\/en\/wp-json\/wp\/v2\/categories?post=12953"},{"taxonomy":"post_tag","embeddable":true,"href":"https:\/\/schulbau.online\/en\/wp-json\/wp\/v2\/tags?post=12953"}],"curies":[{"name":"wp","href":"https:\/\/api.w.org\/{rel}","templated":true}]}}